{"id":216,"date":"2019-04-30T19:22:20","date_gmt":"2019-04-30T22:22:20","guid":{"rendered":"http:\/\/andersonbrenda.com\/imersao-com-anderson-e-brenda\/"},"modified":"2019-04-30T19:22:20","modified_gmt":"2019-04-30T22:22:20","slug":"imersao-com-anderson-e-brenda","status":"publish","type":"post","link":"https:\/\/andersonbrenda.com\/en\/imersao-com-anderson-e-brenda\/","title":{"rendered":"Imers\u00e3o com Anderson e Brenda"},"content":{"rendered":"<blockquote class=\"wp-block-quote is-layout-flow wp-block-quote-is-layout-flow\"><p> <br><strong>A imers\u00e3o \u00e9 algo que vai muito al\u00e9m da ideia de auto-conhecimento, \u00e9 na verdade o encontro com sua real ess\u00eancia! <\/strong> <\/p><p><\/p><\/blockquote>\n\n\n\n<p>Quando surgiu a oportunidade de estar presente na imers\u00e3o de S\u00e3o Paulo, confesso que imaginei que seria um evento que mesclaria dan\u00e7a com algo envolvendo medita\u00e7\u00e3o, ou algo parecido. &nbsp;<br><\/p>\n\n\n\n<p>Chegando no primeiro dia, a primeira impress\u00e3o que eu tive foi a melhor poss\u00edvel. Foi not\u00e1vel ver a entrega, simpatia e carisma de Anderson e Brenda com todos os presentes. <br><\/p>\n\n\n\n<p>A forma como conduziam as apresenta\u00e7\u00f5es, a introdu\u00e7\u00e3o sobre o que \u00e9 a imers\u00e3o, prendia a aten\u00e7\u00e3o at\u00e9 mesmo de pessoas que nunca tiveram contato com esse mundo, como eu por exemplo. <br><\/p>\n\n\n\n<p>Ao escutar a explica\u00e7\u00e3o sobre como deixamos o nosso <em>\u201ceu superior\u201d<\/em> aprisionados conforme crescemos, pude entender uma s\u00e9rie de limita\u00e7\u00f5es que imponho em minha vida, de momentos que me privo de viver e acima de tudo, sobre os traumas e medos enfrentados ao longo do caminho.<br><\/p>\n\n\n\n<figure class=\"wp-block-image\"><img loading=\"lazy\" decoding=\"async\" width=\"960\" height=\"640\" src=\"http:\/\/andersonbrenda.com\/wp-content\/uploads\/2020\/04\/57221279_2299885153366452_1936236102453035008_n.jpg\" alt=\"imers\u00e3o\" class=\"wp-image-218\"\/><\/figure>\n\n\n\n<p>Isso tudo acontece apenas nos primeiros minutos do primeiro dia de um final de semana que promete ser um divisor de \u00e1guas na vida de todos os presentes, que est\u00e3o ali por diferentes motivos.<br><\/p>\n\n\n\n<p>Mas, uma coisa que todos os participantes da imers\u00e3o t\u00eam em comum \u00e9 a certeza que ap\u00f3s o final de semana, tudo ser\u00e1 diferente. <\/p>\n\n\n\n<h2 class=\"wp-block-heading\"><strong>S\u00e1bado de Imers\u00e3o<\/strong><\/h2>\n\n\n\n<p>Minha experi\u00eancia, foi totalmente de observa\u00e7\u00e3o, e mesmo assim quero deixar registrado, o quanto me senti envolvida com todos os acontecimentos. Um dos primeiros exerc\u00edcios acontece como um verdadeiro mergulho dos participantes nos seus pensamentos. <br><\/p>\n\n\n\n<p>Deitados eles s\u00e3o instru\u00eddos a localizarem seu interior atrav\u00e9s da respira\u00e7\u00e3o. Com orienta\u00e7\u00f5es de mentaliza\u00e7\u00e3o de paisagens ao som de uma m\u00fasica suave, com o cheiro agrad\u00e1vel do incenso, pude observar a entrega de cada um deles, alguns chegam a tal ponto de relaxamento, que chegam a adormecer. <br><\/p>\n\n\n\n<figure class=\"wp-block-image\"><img loading=\"lazy\" decoding=\"async\" width=\"960\" height=\"640\" src=\"http:\/\/andersonbrenda.com\/wp-content\/uploads\/2020\/04\/57174848_2299886520032982_3936571976163786752_n.jpg\" alt=\"imers\u00e3o\" class=\"wp-image-219\"\/><\/figure>\n\n\n\n<p>Uma das li\u00e7\u00f5es mais presentes na imers\u00e3o, \u00e9 a gratid\u00e3o, a &nbsp;gratid\u00e3o sobre absolutamente tudo. Gratid\u00e3o pela sua exist\u00eancia, por seu corpo, por tudo! Esse ensinamento \u00e9 colocado \u00e0 prova, quando todos despertam e s\u00e3o encorajados a olhar nos olhos do companheiro ao lado, \u00e9 como se novas pessoas surgissem, com uma nova energia, com uma nova vis\u00e3o. <br><\/p>\n\n\n\n<p>Essa percep\u00e7\u00e3o de nova energia aumenta cada vez mais com o passar do evento, que durante todo o dia abordou os conceitos reais de \u201ctoque\u201d e \u201csentir\u201d, da import\u00e2ncia do entendimento e reconhecimento da dualidade.<br><\/p>\n\n\n\n<p>Para finalizar o primeiro dia, Anderson e Brenda mostram de forma pr\u00e1tica todo o poder do sentir, atrav\u00e9s dos 5 sentidos. O mais interessante de tudo, \u00e9 ver o impacto causado em cada uma das pessoas, em cada a\u00e7\u00e3o realizada. <br><\/p>\n\n\n\n<figure class=\"wp-block-image\"><img loading=\"lazy\" decoding=\"async\" width=\"960\" height=\"640\" src=\"http:\/\/andersonbrenda.com\/wp-content\/uploads\/2020\/04\/57435730_2299891406699160_4941201776301834240_n.jpg\" alt=\"imers\u00e3o\" class=\"wp-image-220\"\/><\/figure>\n\n\n\n<p>O primeiro dia encerra, com as pessoas totalmente afetadas e sens\u00edveis ao mais m\u00ednimo toque, entendendo de uma vez por todas o que \u00e9 de fato sentir. <\/p>\n\n\n\n<h2 class=\"wp-block-heading\"><strong>Domingo de concretiza\u00e7\u00e3o <\/strong><\/h2>\n\n\n\n<p>No segundo dia o meu estado de esp\u00edrito era totalmente outro, e a energia presente amplificou tudo isso. N\u00e3o sei como descrever, mas apenas de estar ali, independente da participa\u00e7\u00e3o ou n\u00e3o me afetou de forma incr\u00edvel.<br><\/p>\n\n\n\n<p>Agora imagine os participantes? Era como se fossem outras pessoas, apenas quem realmente estava l\u00e1, pode entender o que estou querendo retratar. Era como se novas pessoas estivessem ali. <br><\/p>\n\n\n\n<p>Todas estavam vibrantes, reluzentes e totalmente entregues. Para aumentar a energia ainda mais, o corpo \u00e9 preparado ao som de m\u00fasicas totalmente animadas, que despertam toda a \u201cinfantilidade\u201d que todos n\u00f3s acabamos esquecendo. <br><\/p>\n\n\n\n<figure class=\"wp-block-image\"><img loading=\"lazy\" decoding=\"async\" width=\"960\" height=\"640\" src=\"http:\/\/andersonbrenda.com\/wp-content\/uploads\/2020\/04\/57568426_2299900023364965_7666568888817025024_n.jpg\" alt=\"imers\u00e3o\" class=\"wp-image-221\"\/><\/figure>\n\n\n\n<p>Ali\u00e1s, a \u201cinfantilidade\u201d, esse lado crian\u00e7a de ser, \u00e9 um dos pontos abordados no \u00faltimo dia, que \u00e9 carregado de muito humor e divers\u00e3o. Com v\u00e1rios exerc\u00edcios bem interessantes e que divertem, Anderson e Brenda finalizam a imers\u00e3o cumprindo sua miss\u00e3o.<br><\/p>\n\n\n\n<p>Aquelas pessoas que chegaram na manh\u00e3 de s\u00e1bado realmente n\u00e3o s\u00e3o as mesmas, elas passaram a se conhecer de forma real. Passaram a ter um novo olhar sobre o outro, passaram a entender a import\u00e2ncia de sentir de verdade e como o toque se transforma quando voc\u00ea entende tudo isso. <br><\/p>\n\n\n\n<p>O fato de que estou aqui no blog escrevendo sobre a Imers\u00e3o, faz a minha percep\u00e7\u00e3o um tanto suspeita, eu sei disso! Mas, eu posso garantir e isso \u00e9 algo que independente de que voc\u00ea acredite ou n\u00e3o nas minhas palavras, conhecer o Anderson e a Brenda, mudou a minha vida. <br><\/p>\n\n\n\n<p>Mudou minha forma de pensar sobre tudo ao meu redor, sobre o quanto o meu medo e a vergonha acabaram me levando a perder momentos incr\u00edveis, sobre o quanto eu posso fazer, sobre o quanto eu posso ser feliz se apenas me permitir. <\/p>\n\n\n\n<p><br>A imers\u00e3o me abriu os olhos para o real mundo, esse que com a correria do dia-a-dia deixamos para tr\u00e1s, sabe?! <br><\/p>\n\n\n\n<p>A imers\u00e3o n\u00e3o \u00e9 um evento de dan\u00e7a, mas voc\u00ea pode dan\u00e7ar. N\u00e3o \u00e9 uma terapia, mas voc\u00ea aprende a se entender e se descobrir. N\u00e3o \u00e9 uma terapia de casal, mas voc\u00ea descobre como dar e receber amor. N\u00e3o \u00e9 um evento de medita\u00e7\u00e3o, mas voc\u00ea se conecta com o \u201cseu eu superior\u201d.<br><\/p>\n\n\n\n\n\n<p>A imers\u00e3o n\u00e3o \u00e9 nada disso, mas \u00e9 tudo! \u00c9 um momento que todos precisam vivenciar, para sentirem o seu real impacto. <br><\/p>\n\n\n\n<p>A \u201cmagia\u201d presente naqueles dias \u00e9 algo que eu nunca vou esquecer, tudo aquilo que ouvi e presenciei \u00e9 algo que sem d\u00favida alguma quero viver na pr\u00e1tica. N\u00e3o vejo a hora de participar da Imers\u00e3o de S\u00e3o Paulo no pr\u00f3ximo ano, para que a transforma\u00e7\u00e3o completa aconte\u00e7a em minha vida. <br><\/p>\n\n\n\n<p>Por agora, o que eu tenho a dizer \u00e9: Obrigada Anderson e Brenda, por esse &nbsp;trabalho incr\u00edvel que eu tive a honra de presenciar!<\/p>\n\n\n\n<p><\/p>\n\n\n\n<p><\/p>","protected":false},"excerpt":{"rendered":"<p>A imers\u00e3o \u00e9 algo que vai muito al\u00e9m da ideia de auto-conhecimento, \u00e9 na verdade o encontro com sua real ess\u00eancia!  <\/p>","protected":false},"author":2,"featured_media":230,"comment_status":"open","ping_status":"open","sticky":false,"template":"","format":"standard","meta":{"footnotes":""},"categories":[27],"tags":[28,29,30],"class_list":["post-216","post","type-post","status-publish","format-standard","has-post-thumbnail","hentry","category-geral","tag-anderson-e-brenda","tag-auto-conhecimento","tag-imersao"],"_links":{"self":[{"href":"https:\/\/andersonbrenda.com\/en\/wp-json\/wp\/v2\/posts\/216"}],"collection":[{"href":"https:\/\/andersonbrenda.com\/en\/wp-json\/wp\/v2\/posts"}],"about":[{"href":"https:\/\/andersonbrenda.com\/en\/wp-json\/wp\/v2\/types\/post"}],"author":[{"embeddable":true,"href":"https:\/\/andersonbrenda.com\/en\/wp-json\/wp\/v2\/users\/2"}],"replies":[{"embeddable":true,"href":"https:\/\/andersonbrenda.com\/en\/wp-json\/wp\/v2\/comments?post=216"}],"version-history":[{"count":0,"href":"https:\/\/andersonbrenda.com\/en\/wp-json\/wp\/v2\/posts\/216\/revisions"}],"wp:featuredmedia":[{"embeddable":true,"href":"https:\/\/andersonbrenda.com\/en\/wp-json\/wp\/v2\/media\/230"}],"wp:attachment":[{"href":"https:\/\/andersonbrenda.com\/en\/wp-json\/wp\/v2\/media?parent=216"}],"wp:term":[{"taxonomy":"category","embeddable":true,"href":"https:\/\/andersonbrenda.com\/en\/wp-json\/wp\/v2\/categories?post=216"},{"taxonomy":"post_tag","embeddable":true,"href":"https:\/\/andersonbrenda.com\/en\/wp-json\/wp\/v2\/tags?post=216"}],"curies":[{"name":"wp","href":"https:\/\/api.w.org\/{rel}","templated":true}]}}